{"id":11451,"date":"2023-05-29T11:30:24","date_gmt":"2023-05-29T09:30:24","guid":{"rendered":"http:\/\/km0.energy\/nova\/sessio-informativa\/"},"modified":"2025-04-30T13:24:15","modified_gmt":"2025-04-30T11:24:15","slug":"sessio-informativa","status":"publish","type":"post","link":"https:\/\/km0.energy\/es\/sessio-informativa\/","title":{"rendered":"Sessi\u00f3 informativa"},"content":{"rendered":"<p>Ens encanta poder informar a la poblaci\u00f3 de les oportunitats que ofereix l&#8217;autoconsum compartit!<\/p>\n<p>El dimecres 14 de juny serem a la Sala Felip, de Calaf, juntament amb\u00a0<a href=\"https:\/\/www.linkedin.com\/in\/ACoAAANTDyQB8w_MNpv9ZdaDIgvCJmKIrs-Zsok\" data-attribute-index=\"0\" data-entity-type=\"MINI_PROFILE\">Ra\u00fal Flores Duque<\/a>, CEO de\u00a0<a href=\"https:\/\/www.linkedin.com\/in\/ACoAACaM2L0BYEYaBKFN1Jc6i7OO6Of1facmycU\" data-attribute-index=\"2\" data-entity-type=\"MINI_PROFILE\">PreWaste Gesti\u00f3n<\/a>,\u00a0<a href=\"https:\/\/www.linkedin.com\/in\/ACoAAAQD3WgBoQAggD0K_9Wmp_kxxq0JdwT6Sxs\" data-attribute-index=\"4\" data-entity-type=\"MINI_PROFILE\">S\u00f2nia Bartr\u00e9s Sanuy<\/a>, responsable de Projectes de la Uni\u00f3 de Pol\u00edgons Industrials de Catalunya, Josep Maria Pujol, president de l&#8217;Associaci\u00f3 Empresarial Alta Segarra i Montse Mases, regidora a l&#8217;Ajuntament de Calaf.<\/p>\n<p>Inscriu-t&#8217;hi clicant aquest enlla\u00e7:\u00a0<a href=\"https:\/\/lnkd.in\/df8QvTcJ\" data-attribute-index=\"12\">https:\/\/lnkd.in\/df8QvTcJ<\/a><\/p>\n","protected":false},"excerpt":{"rendered":"<p>Ens encanta poder informar a la poblaci\u00f3 de les oportunitats que ofereix l&#8217;autoconsum compartit! El dimecres 14 de juny serem a la Sala Felip, de Calaf, juntament amb\u00a0Ra\u00fal Flores Duque, CEO de\u00a0PreWaste Gesti\u00f3n,\u00a0S\u00f2nia Bartr\u00e9s Sanuy, responsable de Projectes de la Uni\u00f3 de Pol\u00edgons Industrials de Catalunya, Josep Maria Pujol, president de l&#8217;Associaci\u00f3 Empresarial Alta Segarra [&hellip;]<\/p>\n","protected":false},"author":1,"featured_media":0,"comment_status":"closed","ping_status":"open","sticky":false,"template":"","format":"standard","meta":{"_acf_changed":false,"footnotes":""},"categories":[7],"tags":[],"class_list":["post-11451","post","type-post","status-publish","format-standard","hentry","category-sin-categorizar"],"acf":[],"yoast_head":"<!-- This site is optimized with the Yoast SEO plugin v27.4 - https:\/\/yoast.com\/product\/yoast-seo-wordpress\/ -->\n<title>Sessi\u00f3 informativa - Km0 Energy<\/title>\n<meta name=\"robots\" content=\"index, follow, max-snippet:-1, max-image-preview:large, max-video-preview:-1\" \/>\n<link rel=\"canonical\" href=\"https:\/\/km0.energy\/es\/sessio-informativa\/\" \/>\n<meta property=\"og:locale\" content=\"es_ES\" \/>\n<meta property=\"og:type\" content=\"article\" \/>\n<meta property=\"og:title\" content=\"Sessi\u00f3 informativa - Km0 Energy\" \/>\n<meta property=\"og:description\" content=\"Ens encanta poder informar a la poblaci\u00f3 de les oportunitats que ofereix l&#8217;autoconsum compartit! El dimecres 14 de juny serem a la Sala Felip, de Calaf, juntament amb\u00a0Ra\u00fal Flores Duque, CEO de\u00a0PreWaste Gesti\u00f3n,\u00a0S\u00f2nia Bartr\u00e9s Sanuy, responsable de Projectes de la Uni\u00f3 de Pol\u00edgons Industrials de Catalunya, Josep Maria Pujol, president de l&#8217;Associaci\u00f3 Empresarial Alta Segarra [&hellip;]\" \/>\n<meta property=\"og:url\" content=\"https:\/\/km0.energy\/es\/sessio-informativa\/\" \/>\n<meta property=\"og:site_name\" content=\"Km0 Energy\" \/>\n<meta property=\"article:published_time\" content=\"2023-05-29T09:30:24+00:00\" \/>\n<meta property=\"article:modified_time\" content=\"2025-04-30T11:24:15+00:00\" \/>\n<meta name=\"author\" content=\"admin\" \/>\n<meta name=\"twitter:card\" content=\"summary_large_image\" \/>\n<meta name=\"twitter:label1\" content=\"Escrito por\" \/>\n\t<meta name=\"twitter:data1\" content=\"admin\" \/>\n<script type=\"application\/ld+json\" class=\"yoast-schema-graph\">{\"@context\":\"https:\\\/\\\/schema.org\",\"@graph\":[{\"@type\":\"Article\",\"@id\":\"https:\\\/\\\/km0.energy\\\/es\\\/sessio-informativa\\\/#article\",\"isPartOf\":{\"@id\":\"https:\\\/\\\/km0.energy\\\/es\\\/sessio-informativa\\\/\"},\"author\":{\"name\":\"admin\",\"@id\":\"https:\\\/\\\/lightyellow-raccoon-590696.hostingersite.com\\\/#\\\/schema\\\/person\\\/27eda31bf9aa62d2868c6b4f7e5fc551\"},\"headline\":\"Sessi\u00f3 informativa\",\"datePublished\":\"2023-05-29T09:30:24+00:00\",\"dateModified\":\"2025-04-30T11:24:15+00:00\",\"mainEntityOfPage\":{\"@id\":\"https:\\\/\\\/km0.energy\\\/es\\\/sessio-informativa\\\/\"},\"wordCount\":85,\"articleSection\":[\"Sin categorizar\"],\"inLanguage\":\"es\"},{\"@type\":\"WebPage\",\"@id\":\"https:\\\/\\\/km0.energy\\\/es\\\/sessio-informativa\\\/\",\"url\":\"https:\\\/\\\/km0.energy\\\/es\\\/sessio-informativa\\\/\",\"name\":\"Sessi\u00f3 informativa - Km0 Energy\",\"isPartOf\":{\"@id\":\"https:\\\/\\\/lightyellow-raccoon-590696.hostingersite.com\\\/#website\"},\"datePublished\":\"2023-05-29T09:30:24+00:00\",\"dateModified\":\"2025-04-30T11:24:15+00:00\",\"author\":{\"@id\":\"https:\\\/\\\/lightyellow-raccoon-590696.hostingersite.com\\\/#\\\/schema\\\/person\\\/27eda31bf9aa62d2868c6b4f7e5fc551\"},\"breadcrumb\":{\"@id\":\"https:\\\/\\\/km0.energy\\\/es\\\/sessio-informativa\\\/#breadcrumb\"},\"inLanguage\":\"es\",\"potentialAction\":[{\"@type\":\"ReadAction\",\"target\":[\"https:\\\/\\\/km0.energy\\\/es\\\/sessio-informativa\\\/\"]}]},{\"@type\":\"BreadcrumbList\",\"@id\":\"https:\\\/\\\/km0.energy\\\/es\\\/sessio-informativa\\\/#breadcrumb\",\"itemListElement\":[{\"@type\":\"ListItem\",\"position\":1,\"name\":\"Inici\",\"item\":\"https:\\\/\\\/km0.energy\\\/es\\\/home\\\/\"},{\"@type\":\"ListItem\",\"position\":2,\"name\":\"Sessi\u00f3 informativa\"}]},{\"@type\":\"WebSite\",\"@id\":\"https:\\\/\\\/lightyellow-raccoon-590696.hostingersite.com\\\/#website\",\"url\":\"https:\\\/\\\/lightyellow-raccoon-590696.hostingersite.com\\\/\",\"name\":\"Km0 Energy\",\"description\":\"Promotor energ\u00e8tic de proximitat\",\"potentialAction\":[{\"@type\":\"SearchAction\",\"target\":{\"@type\":\"EntryPoint\",\"urlTemplate\":\"https:\\\/\\\/lightyellow-raccoon-590696.hostingersite.com\\\/?s={search_term_string}\"},\"query-input\":{\"@type\":\"PropertyValueSpecification\",\"valueRequired\":true,\"valueName\":\"search_term_string\"}}],\"inLanguage\":\"es\"},{\"@type\":\"Person\",\"@id\":\"https:\\\/\\\/lightyellow-raccoon-590696.hostingersite.com\\\/#\\\/schema\\\/person\\\/27eda31bf9aa62d2868c6b4f7e5fc551\",\"name\":\"admin\",\"image\":{\"@type\":\"ImageObject\",\"inLanguage\":\"es\",\"@id\":\"https:\\\/\\\/secure.gravatar.com\\\/avatar\\\/9a2076e6b2433201ec1acaa5513858a6c76d8275deb70996084f762fb77a66ba?s=96&d=mm&r=g\",\"url\":\"https:\\\/\\\/secure.gravatar.com\\\/avatar\\\/9a2076e6b2433201ec1acaa5513858a6c76d8275deb70996084f762fb77a66ba?s=96&d=mm&r=g\",\"contentUrl\":\"https:\\\/\\\/secure.gravatar.com\\\/avatar\\\/9a2076e6b2433201ec1acaa5513858a6c76d8275deb70996084f762fb77a66ba?s=96&d=mm&r=g\",\"caption\":\"admin\"},\"sameAs\":[\"http:\\\/\\\/admin\"],\"url\":\"https:\\\/\\\/km0.energy\\\/es\\\/author\\\/admin\\\/\"}]}<\/script>\n<!-- \/ Yoast SEO plugin. -->","yoast_head_json":{"title":"Sessi\u00f3 informativa - Km0 Energy","robots":{"index":"index","follow":"follow","max-snippet":"max-snippet:-1","max-image-preview":"max-image-preview:large","max-video-preview":"max-video-preview:-1"},"canonical":"https:\/\/km0.energy\/es\/sessio-informativa\/","og_locale":"es_ES","og_type":"article","og_title":"Sessi\u00f3 informativa - Km0 Energy","og_description":"Ens encanta poder informar a la poblaci\u00f3 de les oportunitats que ofereix l&#8217;autoconsum compartit! El dimecres 14 de juny serem a la Sala Felip, de Calaf, juntament amb\u00a0Ra\u00fal Flores Duque, CEO de\u00a0PreWaste Gesti\u00f3n,\u00a0S\u00f2nia Bartr\u00e9s Sanuy, responsable de Projectes de la Uni\u00f3 de Pol\u00edgons Industrials de Catalunya, Josep Maria Pujol, president de l&#8217;Associaci\u00f3 Empresarial Alta Segarra [&hellip;]","og_url":"https:\/\/km0.energy\/es\/sessio-informativa\/","og_site_name":"Km0 Energy","article_published_time":"2023-05-29T09:30:24+00:00","article_modified_time":"2025-04-30T11:24:15+00:00","author":"admin","twitter_card":"summary_large_image","twitter_misc":{"Escrito por":"admin"},"schema":{"@context":"https:\/\/schema.org","@graph":[{"@type":"Article","@id":"https:\/\/km0.energy\/es\/sessio-informativa\/#article","isPartOf":{"@id":"https:\/\/km0.energy\/es\/sessio-informativa\/"},"author":{"name":"admin","@id":"https:\/\/lightyellow-raccoon-590696.hostingersite.com\/#\/schema\/person\/27eda31bf9aa62d2868c6b4f7e5fc551"},"headline":"Sessi\u00f3 informativa","datePublished":"2023-05-29T09:30:24+00:00","dateModified":"2025-04-30T11:24:15+00:00","mainEntityOfPage":{"@id":"https:\/\/km0.energy\/es\/sessio-informativa\/"},"wordCount":85,"articleSection":["Sin categorizar"],"inLanguage":"es"},{"@type":"WebPage","@id":"https:\/\/km0.energy\/es\/sessio-informativa\/","url":"https:\/\/km0.energy\/es\/sessio-informativa\/","name":"Sessi\u00f3 informativa - Km0 Energy","isPartOf":{"@id":"https:\/\/lightyellow-raccoon-590696.hostingersite.com\/#website"},"datePublished":"2023-05-29T09:30:24+00:00","dateModified":"2025-04-30T11:24:15+00:00","author":{"@id":"https:\/\/lightyellow-raccoon-590696.hostingersite.com\/#\/schema\/person\/27eda31bf9aa62d2868c6b4f7e5fc551"},"breadcrumb":{"@id":"https:\/\/km0.energy\/es\/sessio-informativa\/#breadcrumb"},"inLanguage":"es","potentialAction":[{"@type":"ReadAction","target":["https:\/\/km0.energy\/es\/sessio-informativa\/"]}]},{"@type":"BreadcrumbList","@id":"https:\/\/km0.energy\/es\/sessio-informativa\/#breadcrumb","itemListElement":[{"@type":"ListItem","position":1,"name":"Inici","item":"https:\/\/km0.energy\/es\/home\/"},{"@type":"ListItem","position":2,"name":"Sessi\u00f3 informativa"}]},{"@type":"WebSite","@id":"https:\/\/lightyellow-raccoon-590696.hostingersite.com\/#website","url":"https:\/\/lightyellow-raccoon-590696.hostingersite.com\/","name":"Km0 Energy","description":"Promotor energ\u00e8tic de proximitat","potentialAction":[{"@type":"SearchAction","target":{"@type":"EntryPoint","urlTemplate":"https:\/\/lightyellow-raccoon-590696.hostingersite.com\/?s={search_term_string}"},"query-input":{"@type":"PropertyValueSpecification","valueRequired":true,"valueName":"search_term_string"}}],"inLanguage":"es"},{"@type":"Person","@id":"https:\/\/lightyellow-raccoon-590696.hostingersite.com\/#\/schema\/person\/27eda31bf9aa62d2868c6b4f7e5fc551","name":"admin","image":{"@type":"ImageObject","inLanguage":"es","@id":"https:\/\/secure.gravatar.com\/avatar\/9a2076e6b2433201ec1acaa5513858a6c76d8275deb70996084f762fb77a66ba?s=96&d=mm&r=g","url":"https:\/\/secure.gravatar.com\/avatar\/9a2076e6b2433201ec1acaa5513858a6c76d8275deb70996084f762fb77a66ba?s=96&d=mm&r=g","contentUrl":"https:\/\/secure.gravatar.com\/avatar\/9a2076e6b2433201ec1acaa5513858a6c76d8275deb70996084f762fb77a66ba?s=96&d=mm&r=g","caption":"admin"},"sameAs":["http:\/\/admin"],"url":"https:\/\/km0.energy\/es\/author\/admin\/"}]}},"_links":{"self":[{"href":"https:\/\/km0.energy\/es\/wp-json\/wp\/v2\/posts\/11451","targetHints":{"allow":["GET"]}}],"collection":[{"href":"https:\/\/km0.energy\/es\/wp-json\/wp\/v2\/posts"}],"about":[{"href":"https:\/\/km0.energy\/es\/wp-json\/wp\/v2\/types\/post"}],"author":[{"embeddable":true,"href":"https:\/\/km0.energy\/es\/wp-json\/wp\/v2\/users\/1"}],"replies":[{"embeddable":true,"href":"https:\/\/km0.energy\/es\/wp-json\/wp\/v2\/comments?post=11451"}],"version-history":[{"count":1,"href":"https:\/\/km0.energy\/es\/wp-json\/wp\/v2\/posts\/11451\/revisions"}],"predecessor-version":[{"id":11452,"href":"https:\/\/km0.energy\/es\/wp-json\/wp\/v2\/posts\/11451\/revisions\/11452"}],"wp:attachment":[{"href":"https:\/\/km0.energy\/es\/wp-json\/wp\/v2\/media?parent=11451"}],"wp:term":[{"taxonomy":"category","embeddable":true,"href":"https:\/\/km0.energy\/es\/wp-json\/wp\/v2\/categories?post=11451"},{"taxonomy":"post_tag","embeddable":true,"href":"https:\/\/km0.energy\/es\/wp-json\/wp\/v2\/tags?post=11451"}],"curies":[{"name":"wp","href":"https:\/\/api.w.org\/{rel}","templated":true}]}}